{"id":15577,"date":"2024-10-02T09:48:05","date_gmt":"2024-10-02T07:48:05","guid":{"rendered":"https:\/\/www.museum-re.de\/?p=15577"},"modified":"2024-10-28T16:38:51","modified_gmt":"2024-10-28T15:38:51","slug":"100-tage-museum-reinhard-ernst","status":"publish","type":"post","link":"https:\/\/www.museum-re.de\/de\/museum\/aktuelles\/100-tage-museum-reinhard-ernst\/","title":{"rendered":"100 Tage Museum Reinhard Ernst"},"content":{"rendered":"<div class=\"ce ce-onecol      \">\n\t<div class=\"container\">\n\t\t<div class=\"row\">\n\t\t\t<div class=\"col\">\n\t\t\t\t<p>Auf einer Pressekonferenz am 2. Oktober 2024 anl\u00e4sslich der ersten 100 Tage seit Er\u00f6ffnung des Museums Reinhard Ernst zogen Direktor Dr. Oliver Kornhoff und der Stifter und Museumsgr\u00fcnder Reinhard Ernst eine \u00fcberaus positive Bilanz: 60.000 Kunst- und Architekturbegeisterte aus mehr als 20 L\u00e4ndern haben das mre vom 23. Juni bis 30. September 2024 besucht. In diesem Zeitraum haben rund 17.000 Besucher:innen an fast 700 Gruppenf\u00fchrungsangeboten teilgenommen.<\/p>\n\t\t\t<\/div>\n\t\t<\/div>\n\t<\/div>\n<\/div>\n\n\n<div class=\"ce ce-twocol      \">\n\t<div class=\"container\">\n\t\t<div class=\"row\">\n\t\t\t<div class=\"col col-custom-1\">\n\t\t\t\t<figure><img loading=\"lazy\" decoding=\"async\" class=\"alignnone size-full wp-image-16066\" src=\"https:\/\/www.museum-re.de\/wp-content\/uploads\/2024\/10\/05_270624_Obermayr-3A-c-Dekubanowski-mre.jpg\" alt=\"\" width=\"5840\" height=\"3893\" srcset=\"https:\/\/www.museum-re.de\/wp-content\/uploads\/2024\/10\/05_270624_Obermayr-3A-c-Dekubanowski-mre.jpg 5840w, https:\/\/www.museum-re.de\/wp-content\/uploads\/2024\/10\/05_270624_Obermayr-3A-c-Dekubanowski-mre-800x533.jpg 800w, https:\/\/www.museum-re.de\/wp-content\/uploads\/2024\/10\/05_270624_Obermayr-3A-c-Dekubanowski-mre-1024x683.jpg 1024w, https:\/\/www.museum-re.de\/wp-content\/uploads\/2024\/10\/05_270624_Obermayr-3A-c-Dekubanowski-mre-768x512.jpg 768w, https:\/\/www.museum-re.de\/wp-content\/uploads\/2024\/10\/05_270624_Obermayr-3A-c-Dekubanowski-mre-1536x1024.jpg 1536w, https:\/\/www.museum-re.de\/wp-content\/uploads\/2024\/10\/05_270624_Obermayr-3A-c-Dekubanowski-mre-2048x1365.jpg 2048w\" sizes=\"auto, (max-width: 5840px) 100vw, 5840px\" \/><\/figure>\n\t\t\t<\/div>\n\t\t\t<div class=\"col col-custom-2\">\n\t\t\t\t<p>Deutschland, Europa, \u00dcbersee: Die Besucher:innen kamen aus der ganzen Welt. Europ\u00e4ische G\u00e4ste reisten vornehmlich aus Frankreich, Luxemburg, den Niederlanden, \u00d6sterreich und der Schweiz an, berichtete Oliver Kornhoff. Die G\u00e4ste aus \u00dcbersee kamen aus Asien, S\u00fcdamerika, Neuseeland und den USA.<\/p>\n<p>Das mre ist an den Vormittagen bis 12 Uhr ausschlie\u00dflich f\u00fcr Schulklassen und Bildungsinstitutionen ge\u00f6ffnet. 100 p\u00e4dagogische Gruppenf\u00fchrungen wurden im Zeitraum 23. Juni bis 30. September 2024 angeboten, mit insgesamt 1.531 Teilnehmer:innen. In den Wochen vor den Sommerferien nutzten zahlreiche Gruppen dieses Angebot: von Kitas \u00fcber Grundsch\u00fcler:innen bis hin zu Berufsschulen und Sch\u00fcler:innen der ersten und zweiten Sekundarstufe. Auch nach den Sommerferien bleibt das Interesse hoch. Die Vormittage sind bereits bis Dezember ausgebucht: Durchschnittlich werden im neuen Schuljahr drei bis vier Gruppen an jedem Vormittag das Museum erleben.<\/p>\n\t\t\t<\/div>\n\t\t<\/div>\n\t<\/div>\n<\/div>\n\n\n<div class=\"ce ce-onecol      \">\n\t<div class=\"container\">\n\t\t<div class=\"row\">\n\t\t\t<div class=\"col\">\n\t\t\t\t<p>\u201eDas Museum hat sich innerhalb k\u00fcrzester Zeit zu einem Publikumsmagneten in Wiesbaden entwickelt\u201c, sagte der Kunstsammler und Museumsgr\u00fcnder Reinhard Ernst. \u201eVor allem freut es meine Frau und mich, dass so viele junge Menschen unser Museum besuchen. Die Begegnung mit Kunst setzt kreative Energien frei und f\u00f6rdert das vernetzte Denken \u2013 eine F\u00e4higkeit, die man nicht fr\u00fch genug erlernen kann. Sie hilft sp\u00e4ter im Beruf, Zusammenh\u00e4nge einzuordnen und innovative L\u00f6sungen zu finden. Das Konzept von erstklassiger Architektur, einer bis dato noch nicht gezeigten Sammlung von internationaler abstrakter Kunst verbunden mit ungew\u00f6hnlichen Vermittlungsangeboten und einem hervorragenden kulinarischen Angebot hat unsere Besucher:innen \u00fcberzeugt.\u201c<\/p>\n<p>Gr\u00fcndungsdirektor Dr. Oliver Kornhoff:\u00a0\u201eDie ersten drei Monate sind wie im Flug vergangen. Wir freuen uns riesig \u00fcber die positive Resonanz von Museumskolleg:innen aus dem In- und Ausland. F\u00fcr mein Team und mich war diese Zeit ganz entscheidend, um Erfahrungen zu sammeln: In den ersten 100 Tagen haben wir unsere Besucher:innen und deren W\u00fcnsche kennengelernt. Wir haben die Zeit genutzt, um die Betriebsabl\u00e4ufe, vor allem an besucherstarken Tagen, zu optimieren. F\u00fcr jede:n in unserem Team war diese Zeit \u00fcberaus motivierend\u201c, f\u00fchrt er aus.<\/p>\n<p>&nbsp;<\/p>\n<p><strong>Sonderausstellungen 2025: Ganz im Zeichen von <a href=\"https:\/\/www.museum-re.de\/de\/kunst\/sammlung-reinhard-ernst\/objekte\/?a=helen-frankenthaler&amp;mt=&amp;pe=&amp;c=&amp;so=ya&amp;_s=Helen+Frankenthaler\" target=\"_blank\" rel=\"noopener\">Helen Frankenthaler<\/a><\/strong><\/p>\n\t\t\t<\/div>\n\t\t<\/div>\n\t<\/div>\n<\/div>\n\n\n<div class=\"ce ce-twocol      \">\n\t<div class=\"container\">\n\t\t<div class=\"row\">\n\t\t\t<div class=\"col col-custom-1\">\n\t\t\t\t<p>Im Museum Reinhard Ernst wird das Jahr 2025 ganz im Zeichen von Helen Frankenthaler (1928\u20132011) stehen. \u00dcber die Jahre hat Reinhard Ernst die weltweit gr\u00f6\u00dfte Privatsammlung ihrer Gem\u00e4lde zusammengetragen \u2013 mit fast f\u00fcnfzig Meisterwerken aus den Schaffensperioden 1950\u20131990. Ab M\u00e4rz 2025 widmet das Museum der amerikanischen K\u00fcnstlerin eine umfangreiche Sonderausstellung. Die raumgreifenden Arbeiten Frankenthalers zeigt das mre in gleich vier Ausstellungss\u00e4len. Die meisten dieser Werke waren noch nie in Deutschland zu sehen. Es ist die erste umfassende Einzelausstellung in Deutschland mit gro\u00dfformatigen Leinwandgem\u00e4lden der K\u00fcnstlerin seit fast einem Vierteljahrhundert. Zus\u00e4tzlich wird Helen Frankenthaler weiterhin im Kontext der Sammlungspr\u00e4sentation zu sehen sein.<\/p>\n<p><span data-teams=\"true\"><span class=\"ui-provider a b c d e f g h i j k l m n o p q r s t u v w x y z ab ac ae af ag ah ai aj ak\" dir=\"ltr\">Kuratorin Lea Sch\u00e4fer erwartet diese Ausstellung besonders vorfreudig, weil \u201esie verschiedene Schaffensphasen der K\u00fcnstlerin miteinander verkn\u00fcpft, um die Innovationskraft und den Reichtum ihrer Kunst erfahrbar zu machen. Im Spiegel ihrer Selbstaussagen \u00fcber den malerischen Prozess entsteht ein eindringliches Bild von ihrer intensiven Auseinandersetzung mit Farbe und Form, die die abstrakte Malerei der zweiten H\u00e4lfte des 20. Jahrhunderts nachhaltig gepr\u00e4gt hat.\u201c<\/span><\/span><\/p>\n\t\t\t<\/div>\n\t\t\t<div class=\"col col-custom-2\">\n\t\t\t\t<figure><img loading=\"lazy\" decoding=\"async\" class=\"alignnone size-full wp-image-16058\" src=\"https:\/\/www.museum-re.de\/wp-content\/uploads\/2024\/10\/Ausstellungsansicht_Helen-Frankenthaler_Dekubanowskimre.jpg\" alt=\"\" width=\"4326\" height=\"2884\" srcset=\"https:\/\/www.museum-re.de\/wp-content\/uploads\/2024\/10\/Ausstellungsansicht_Helen-Frankenthaler_Dekubanowskimre.jpg 4326w, https:\/\/www.museum-re.de\/wp-content\/uploads\/2024\/10\/Ausstellungsansicht_Helen-Frankenthaler_Dekubanowskimre-800x533.jpg 800w, https:\/\/www.museum-re.de\/wp-content\/uploads\/2024\/10\/Ausstellungsansicht_Helen-Frankenthaler_Dekubanowskimre-1024x683.jpg 1024w, https:\/\/www.museum-re.de\/wp-content\/uploads\/2024\/10\/Ausstellungsansicht_Helen-Frankenthaler_Dekubanowskimre-768x512.jpg 768w, https:\/\/www.museum-re.de\/wp-content\/uploads\/2024\/10\/Ausstellungsansicht_Helen-Frankenthaler_Dekubanowskimre-1536x1024.jpg 1536w, https:\/\/www.museum-re.de\/wp-content\/uploads\/2024\/10\/Ausstellungsansicht_Helen-Frankenthaler_Dekubanowskimre-2048x1365.jpg 2048w\" sizes=\"auto, (max-width: 4326px) 100vw, 4326px\" \/><\/figure>\n\t\t\t<\/div>\n\t\t<\/div>\n\t<\/div>\n<\/div>\n\n\n<div class=\"ce ce-onecol      \">\n\t<div class=\"container\">\n\t\t<div class=\"row\">\n\t\t\t<div class=\"col\">\n\t\t\t\t<p>Haben Sie Lust bekommen unser neues Museum zu entdecken und abstrakte Kunst aus einem neuen Blickwinkel zu erfahren? Eine \u00dcbersicht unserer aktuellen Ausstellungen finden Sie <a href=\"https:\/\/www.museum-re.de\/de\/kunst\/ausstellungen\/\">hier<\/a>.<\/p>\n\t\t\t<\/div>\n\t\t<\/div>\n\t<\/div>\n<\/div>\n\n\n<div class=\"ce ce-onecol      \">\n\t<div class=\"container\">\n\t\t<div class=\"row\">\n\t\t\t<div class=\"col\">\n\t\t\t\t<h6>Copyrights:<br \/>\nToshimitsu Ima\u00ef, Formation Stream, 1971 (Detail) \u00a9 Alexandre Ima\u00ef<br \/>\nKatharina Grosse, <strong>Untitled, 2010 <\/strong>\u00a9 VG Bild-Kunst, Bonn, 2024<br \/>\nHubert Berke, Gr\u00fcne Beschw\u00f6rung, 1958 \u00a9 Erbengemeinschaft Hubert Berke, K\u00f6ln<br \/>\nHelen Frankenthaler, <strong>One O\u2019Clock, 1966 <\/strong>\u00a9 VG Bild-Kunst, Bonn, 2024<\/h6>\n<h6><\/h6>\n\t\t\t<\/div>\n\t\t<\/div>\n\t<\/div>\n<\/div>\n","protected":false},"excerpt":{"rendered":"<p>Feiern Sie mit uns die ersten 100 Tage des Museums Reinhard Ernst! Seit der Er\u00f6ffnung im Juni hat sich das mre zu einem internationalen Publikumsmagneten entwickelt und begeistert Kunst- und Architekturinteressierte aus aller Welt. Erfahren Sie welche erfreulichen Erfolge wir bisher erzielten und welches besondere Ausstellungshighlight Sie 2025 erwartet.<\/p>\n","protected":false},"author":8,"featured_media":16301,"comment_status":"closed","ping_status":"closed","sticky":false,"template":"","format":"standard","meta":{"_acf_changed":false,"content-type":"","_relevanssi_hide_post":"","_relevanssi_hide_content":"","_relevanssi_pin_for_all":"","_relevanssi_pin_keywords":"","_relevanssi_unpin_keywords":"","_relevanssi_related_keywords":"","_relevanssi_related_include_ids":"","_relevanssi_related_exclude_ids":"","_relevanssi_related_no_append":"","_relevanssi_related_not_related":"","_relevanssi_related_posts":"9987,6433,10026,9971,14136,10002","_relevanssi_noindex_reason":"","footnotes":""},"categories":[1,23],"tags":[],"class_list":["post-15577","post","type-post","status-publish","format-standard","has-post-thumbnail","hentry","category-allgemeines","category-kunst"],"acf":[],"_links":{"self":[{"href":"https:\/\/www.museum-re.de\/de\/wp-json\/wp\/v2\/posts\/15577","targetHints":{"allow":["GET"]}}],"collection":[{"href":"https:\/\/www.museum-re.de\/de\/wp-json\/wp\/v2\/posts"}],"about":[{"href":"https:\/\/www.museum-re.de\/de\/wp-json\/wp\/v2\/types\/post"}],"author":[{"embeddable":true,"href":"https:\/\/www.museum-re.de\/de\/wp-json\/wp\/v2\/users\/8"}],"replies":[{"embeddable":true,"href":"https:\/\/www.museum-re.de\/de\/wp-json\/wp\/v2\/comments?post=15577"}],"version-history":[{"count":14,"href":"https:\/\/www.museum-re.de\/de\/wp-json\/wp\/v2\/posts\/15577\/revisions"}],"predecessor-version":[{"id":16307,"href":"https:\/\/www.museum-re.de\/de\/wp-json\/wp\/v2\/posts\/15577\/revisions\/16307"}],"wp:featuredmedia":[{"embeddable":true,"href":"https:\/\/www.museum-re.de\/de\/wp-json\/wp\/v2\/media\/16301"}],"wp:attachment":[{"href":"https:\/\/www.museum-re.de\/de\/wp-json\/wp\/v2\/media?parent=15577"}],"wp:term":[{"taxonomy":"category","embeddable":true,"href":"https:\/\/www.museum-re.de\/de\/wp-json\/wp\/v2\/categories?post=15577"},{"taxonomy":"post_tag","embeddable":true,"href":"https:\/\/www.museum-re.de\/de\/wp-json\/wp\/v2\/tags?post=15577"}],"curies":[{"name":"wp","href":"https:\/\/api.w.org\/{rel}","templated":true}]}}