{"id":29247,"date":"2025-05-19T11:18:41","date_gmt":"2025-05-19T09:18:41","guid":{"rendered":"https:\/\/www.museum-re.de\/?p=29247"},"modified":"2025-05-19T11:51:52","modified_gmt":"2025-05-19T09:51:52","slug":"feiern-sie-mit-uns-ein-jahr-mre","status":"publish","type":"post","link":"https:\/\/www.museum-re.de\/de\/museum\/aktuelles\/feiern-sie-mit-uns-ein-jahr-mre\/","title":{"rendered":"Feiern Sie mit uns ein Jahr mre!"},"content":{"rendered":"<div class=\"ce ce-onecol      \">\n\t<div class=\"container\">\n\t\t<div class=\"row\">\n\t\t\t<div class=\"col\">\n\t\t\t\t<p>Ob als Videobotschaft, Sprachnachricht oder Foto \u2013 wir freuen uns sehr, wenn Sie Ihre Erinnerungen mit uns teilen.<\/p>\n<p>Im kommenden Monat m\u00f6chten wir diese Beitr\u00e4ge auf unseren digitalen Kan\u00e4len ver\u00f6ffentlichen und gemeinsam mit Ihnen auf das erste Jahr zur\u00fcckblicken.<\/p>\n<p><strong>Schicken Sie uns Ihre Erinnerung gerne an <a  href=\"#\" class=\"q-mail-protect\" data-email=\"Nz09Fwc1HyoaVgZbGXk6OR0ILQ==\" data-email-protected=\"1\" data-render=\"delayed\" ><span class=\"q-mail-local q-mail-reversed\">&#108;&#97;&#105;&#99;&#111;&#115;<\/span><span class=\"q-mail-at\">&#64;<\/span><bdi class=\"q-mail-domain\">&#109;&#117;&#115;&#101;&#117;&#109;&#45;&#114;&#101;<\/bdi><span class=\"q-mail-tld\">&#100;&#101;<\/span><\/a> (Betreff: 1 Jahr mre)<\/strong><br \/>\n<strong>Wir sind gespannt auf alle Einsendungen!<\/strong><\/p>\n<p>&nbsp;<\/p>\n\t\t\t<\/div>\n\t\t<\/div>\n\t<\/div>\n<\/div>\n","protected":false},"excerpt":{"rendered":"<p>Das Museum Reinhard Ernst feiert sein einj\u00e4hriges Bestehen: Ein Jahr voller besonderer Momente, inspirierender Begegnungen und wertvoller Erinnerungen. Was verbinden Sie mit diesem ersten Jahr? Welche Erlebnisse und Eindr\u00fccke haben Sie mit dem mre gesammelt?<\/p>\n","protected":false},"author":8,"featured_media":29252,"comment_status":"closed","ping_status":"closed","sticky":false,"template":"","format":"standard","meta":{"_acf_changed":false,"content-type":"","_relevanssi_hide_post":"","_relevanssi_hide_content":"","_relevanssi_pin_for_all":"","_relevanssi_pin_keywords":"","_relevanssi_unpin_keywords":"","_relevanssi_related_keywords":"","_relevanssi_related_include_ids":"","_relevanssi_related_exclude_ids":"","_relevanssi_related_no_append":"","_relevanssi_related_not_related":"","_relevanssi_related_posts":"23818,10028,14136,10022,10030,19850","_relevanssi_noindex_reason":"","footnotes":""},"categories":[1],"tags":[],"class_list":["post-29247","post","type-post","status-publish","format-standard","has-post-thumbnail","hentry","category-allgemeines"],"acf":[],"_links":{"self":[{"href":"https:\/\/www.museum-re.de\/de\/wp-json\/wp\/v2\/posts\/29247","targetHints":{"allow":["GET"]}}],"collection":[{"href":"https:\/\/www.museum-re.de\/de\/wp-json\/wp\/v2\/posts"}],"about":[{"href":"https:\/\/www.museum-re.de\/de\/wp-json\/wp\/v2\/types\/post"}],"author":[{"embeddable":true,"href":"https:\/\/www.museum-re.de\/de\/wp-json\/wp\/v2\/users\/8"}],"replies":[{"embeddable":true,"href":"https:\/\/www.museum-re.de\/de\/wp-json\/wp\/v2\/comments?post=29247"}],"version-history":[{"count":3,"href":"https:\/\/www.museum-re.de\/de\/wp-json\/wp\/v2\/posts\/29247\/revisions"}],"predecessor-version":[{"id":29254,"href":"https:\/\/www.museum-re.de\/de\/wp-json\/wp\/v2\/posts\/29247\/revisions\/29254"}],"wp:featuredmedia":[{"embeddable":true,"href":"https:\/\/www.museum-re.de\/de\/wp-json\/wp\/v2\/media\/29252"}],"wp:attachment":[{"href":"https:\/\/www.museum-re.de\/de\/wp-json\/wp\/v2\/media?parent=29247"}],"wp:term":[{"taxonomy":"category","embeddable":true,"href":"https:\/\/www.museum-re.de\/de\/wp-json\/wp\/v2\/categories?post=29247"},{"taxonomy":"post_tag","embeddable":true,"href":"https:\/\/www.museum-re.de\/de\/wp-json\/wp\/v2\/tags?post=29247"}],"curies":[{"name":"wp","href":"https:\/\/api.w.org\/{rel}","templated":true}]}}