{"id":42898,"date":"2026-03-27T15:32:27","date_gmt":"2026-03-27T14:32:27","guid":{"rendered":"https:\/\/www.museum-re.de\/?p=42898"},"modified":"2026-04-23T14:10:56","modified_gmt":"2026-04-23T12:10:56","slug":"17-mai-2026-internationaler-museumstag-am-mre","status":"publish","type":"post","link":"https:\/\/www.museum-re.de\/de\/museum\/aktuelles\/17-mai-2026-internationaler-museumstag-am-mre\/","title":{"rendered":"17. Mai 2026 Internationaler Museumstag am mre"},"content":{"rendered":"<div class=\"ce ce-onecol      \">\n\t<div class=\"container\">\n\t\t<div class=\"row\">\n\t\t\t<div class=\"col\">\n\t\t\t\t<h3>K\u00fcnstlergespr\u00e4ch mit Michael Anthony M\u00fcller im mre<\/h3>\n<p>Auf ein besonderes Highlight k\u00f6nnen sich Besucher:innen des mre am Sonntag, 17. Mai 2026 freuen: An diesem Tag ist der deutsch-britische K\u00fcnstler <strong>Michael Anthony M\u00fcller<\/strong> zu Gast. Um 15 Uhr trifft er im K\u00fcnstlergespr\u00e4ch auf die<strong> mre Kuratorin Lea Sch\u00e4fer<\/strong>. Michael Anthony M\u00fcller hat f\u00fcr das mre die wandf\u00fcllende Arbeit <em>Titanomachie<\/em> ausgef\u00fchrt. Im Anschluss an das Gespr\u00e4ch haben Besucher:innen die M\u00f6glichkeit, das Werk gemeinsam mit dem K\u00fcnstler zu betrachten.<\/p>\n<p>Flanieren Sie von der Wilhelmstra\u00dfe ins Museumsfoyer und entdecken Sie dort die besondere Museumsarchitektur Fumihiko Makis und eindrucksvollen Kunstwerke von Katharina Grosse oder Eduardo Chillida \u2013 am besten auf einem unserer kostenfreien<b>\u00a0mre walk-ins<\/b> (Kurzf\u00fchrung 30 Min. 14 + 16 Uhr).<\/p>\n<p>Kinder &amp; Familien tr\u00e4gt unsere Kurzf\u00fchrung <strong>Farbenwirbel<\/strong>\u00a0durch die aktuelle Sonderausstellung <i>Wolfgang Hollegha. Denk nicht, schau! <\/i>(Kurzf\u00fchrung 30 Min. 13 + 15 Uhr. Mit Eintrittsticket, Kinder &amp; Jugendliche bis 18 Jahre kostenfrei).<\/p>\n<p>Das Farblabor l\u00e4dt von 13 bis 17 Uhr zum digitalen Experimentieren mit Farben ein. F\u00fcr Kinder ab 3 Jahren findet w\u00e4hrend der \u00d6ffnungszeit des Farblabors ein Fantasy-Bauset-Workshop zum kreativen Erleben abstrakter Kunst statt (unter Aufsicht der Eltern).<\/p>\n<p>Weitere Informationen zu Ihrem Besuch am Museum Reinhard Ernst finden Sie <a href=\"https:\/\/www.museum-re.de\/de\/besuch\/besuch-planen\/\">hier<\/a>.<\/p>\n\t\t\t<\/div>\n\t\t<\/div>\n\t<\/div>\n<\/div>\n","protected":false},"excerpt":{"rendered":"<p>Am Internationalen Museumstag ins mre!<\/p>\n","protected":false},"author":15,"featured_media":42899,"comment_status":"closed","ping_status":"closed","sticky":false,"template":"","format":"standard","meta":{"_acf_changed":false,"content-type":"","_relevanssi_hide_post":"","_relevanssi_hide_content":"","_relevanssi_pin_for_all":"","_relevanssi_pin_keywords":"","_relevanssi_unpin_keywords":"","_relevanssi_related_keywords":"","_relevanssi_related_include_ids":"","_relevanssi_related_exclude_ids":"","_relevanssi_related_no_append":"","_relevanssi_related_not_related":"","_relevanssi_related_posts":"","_relevanssi_noindex_reason":"","footnotes":""},"categories":[829,791],"tags":[835,833,836],"class_list":["post-42898","post","type-post","status-publish","format-standard","has-post-thumbnail","hentry","category-programm","category-veranstaltungen","tag-dritter-ort-mre","tag-internationaler-museumstag","tag-kostenfreies-programm"],"acf":[],"_links":{"self":[{"href":"https:\/\/www.museum-re.de\/de\/wp-json\/wp\/v2\/posts\/42898","targetHints":{"allow":["GET"]}}],"collection":[{"href":"https:\/\/www.museum-re.de\/de\/wp-json\/wp\/v2\/posts"}],"about":[{"href":"https:\/\/www.museum-re.de\/de\/wp-json\/wp\/v2\/types\/post"}],"author":[{"embeddable":true,"href":"https:\/\/www.museum-re.de\/de\/wp-json\/wp\/v2\/users\/15"}],"replies":[{"embeddable":true,"href":"https:\/\/www.museum-re.de\/de\/wp-json\/wp\/v2\/comments?post=42898"}],"version-history":[{"count":5,"href":"https:\/\/www.museum-re.de\/de\/wp-json\/wp\/v2\/posts\/42898\/revisions"}],"predecessor-version":[{"id":43827,"href":"https:\/\/www.museum-re.de\/de\/wp-json\/wp\/v2\/posts\/42898\/revisions\/43827"}],"wp:featuredmedia":[{"embeddable":true,"href":"https:\/\/www.museum-re.de\/de\/wp-json\/wp\/v2\/media\/42899"}],"wp:attachment":[{"href":"https:\/\/www.museum-re.de\/de\/wp-json\/wp\/v2\/media?parent=42898"}],"wp:term":[{"taxonomy":"category","embeddable":true,"href":"https:\/\/www.museum-re.de\/de\/wp-json\/wp\/v2\/categories?post=42898"},{"taxonomy":"post_tag","embeddable":true,"href":"https:\/\/www.museum-re.de\/de\/wp-json\/wp\/v2\/tags?post=42898"}],"curies":[{"name":"wp","href":"https:\/\/api.w.org\/{rel}","templated":true}]}}