{"id":43050,"date":"2026-03-31T12:25:20","date_gmt":"2026-03-31T10:25:20","guid":{"rendered":"https:\/\/www.museum-re.de\/?p=43050"},"modified":"2026-04-20T15:45:22","modified_gmt":"2026-04-20T13:45:22","slug":"filmreihe-denk-nicht-schau","status":"publish","type":"post","link":"https:\/\/www.museum-re.de\/de\/museum\/aktuelles\/filmreihe-denk-nicht-schau\/","title":{"rendered":"Filmreihe: Denk nicht, schau!\u00a0"},"content":{"rendered":"\t\t<div class=\"ce ce-accordion      \">\n\t\t  <div class=\"container\">\n\t\t\t<div class=\"row\">\n\t\t\t  <div class=\"col\">\n\t\t\t\t<div class=\"accordion\"><div class=\"accordion-panel\" data-panel-id=\"di-7-4-20-uhr-die-halbzarte\">\n\t<div class=\"accordion-headline\">\n\t\t<h4>Di. 7.4., 20 Uhr: Die Halbzarte <\/h4>\n\t<\/div>\n\t<div class=\"accordion-content\">\n\t\t<div class=\"accordion-content-inner\">\n\n\n<div class=\"ce ce-onecol      \">\n\t<div class=\"container\">\n\t\t<div class=\"row\">\n\t\t\t<div class=\"col\">\n\t\t\t\t<p>Start am Di. 7.4., 20 Uhr: <i>Die Halbzarte<\/i> (AU 1958\/59, RE: Rolf Thiele, mit Romy und Magda Schneider)\u00a0Mit einer Einf\u00fchrung durch Eva Authried, Kunsthistorikerin und Leitung Kunstvermittlung am mre.<\/p>\n<p>90 Min., FSK: ab 0 Jahren<\/p>\n<p>Auftakt zur Filmreihe im Rahmenprogramm zu &#8222;Wolfgang Hollegha. Denk nicht, schau!&#8220;, der ersten musealen Einzelausstellung des \u00f6sterreichischen Ausnahmek\u00fcnstlers in Deutschland!<\/p>\n<p>DIE HALBZARTE entf\u00fchrt uns \u00fcber die Wiener Familie Dassau in das Wien der 1950er &#8211; zwischen Aufbruch und Tradition, Stadtbildatmosph\u00e4ren und Wiener Alltag. Der Vater, Postbeamter, schreibt in seiner Freizeit Krimis, die Mutter komponiert Liebeslieder, Sohn Thomas jongliert, Tochter Brigitte malt und Tochter Nicole schreibt Gedichte. Um der Familie ein wenig Luxus zu erm\u00f6glichen, verfasst sie ein h\u00f6chst unmoralisches Theaterst\u00fcck.<\/p>\n<p>Die Filmkopie wird von der Friedrich-Wilhelm-Murnau-Stiftung zur Verf\u00fcgung gestellt.<\/p>\n<p>Bei Vorlage des Kinotickets an der Museumskasse und Ausleihe eines Mediaguides erhalten Sie den erm\u00e4\u00dfigten Eintritt im jeweiligen Monat der Filmprojektion &#8211; bei Vorlage des Museumstickets an der Kinokasse erhalten Sie den erm\u00e4\u00dfigten Eintritt auf die Kooperationsfilmvorstellung.<\/p>\n<p>Regie: Rolf Thiele<br \/>\nBuch: Hans Jacoby, Fritz Rotter<br \/>\nKamera: Klaus von Rautenfeld<br \/>\nMusik: Hans-Martin Majewski<br \/>\nMit Romy Schneider, Carlos Thompson, Magda Schneider, Josef Meinrad, Rudolf Forster, Erni Mangold<\/p>\n<p>&nbsp;<\/p>\n\t\t\t<\/div>\n\t\t<\/div>\n\t<\/div>\n<\/div>\n\n\n<\/div><\/div><\/div><div class=\"accordion-panel\" data-panel-id=\"di-12-5-20-uhr-1-april-2000\">\n\t<div class=\"accordion-headline\">\n\t\t<h4>Di. 12.5., 20 Uhr: 1. April 2000<\/h4>\n\t<\/div>\n\t<div class=\"accordion-content\">\n\t\t<div class=\"accordion-content-inner\">\n\n\n<div class=\"ce ce-onecol      \">\n\t<div class=\"container\">\n\t\t<div class=\"row\">\n\t\t\t<div class=\"col\">\n\t\t\t\t<p>A 1952, 105 Min., FSK: ab 6<\/p>\n<p>In dieser satirischen Zukunftsvision ist \u00d6sterreich noch immer von den Alliierten besetzt und muss seine Unabh\u00e4ngigkeit vor einem Gericht verteidigen. In der Kulisse des futuristischen Wiens spiegelt sich das Ringen der \u00f6sterreichischen Nachkriegsgesellschaft mit der eigenen Identit\u00e4t, die sich zwischen der eigenen Geschichte und dem ambivalenten Wunsch nach Souver\u00e4nit\u00e4t und internationaler Anerkennung zerreibt.<\/p>\n<p>Mit dem Wiener Science-Fiction-Film f\u00fchren wir die Filmreihe begleitend zur Ausstellung \u201eWolfgang Hollegha. Denk nicht, schau!\u201c fort. Die erste musealen Einzelausstellung des \u00f6sterreichischen Ausnahmek\u00fcnstlers in Deutschland kann man bis zum 25.10.2026 im Museum Reinhard Ernst sehen.<\/p>\n<p>Bei Vorlage des Kinotickets an der Museumskasse und Ausleihe eines Mediaguides erhalten Sie den erm\u00e4\u00dfigten Eintritt im jeweiligen Monat der Filmprojektion \u2013 bei Vorlage des Museumstickets an der Kinokasse erhalten Sie den erm\u00e4\u00dfigten Eintritt auf die Filme der Reihe.<\/p>\n<p>Regie: Wolfgang Liebeneiner<br \/>\nBuch: Ernst Marboe, Rudolf Brunngraber<br \/>\nKamera: Sepp Ketterer, Karl L\u00f6b, Fritz Arno Wagner<br \/>\nMusik: Alois Melichar<br \/>\nMit Hilde Krahl, Josef Meinrad, Waltraut Haas, Curd Ju\u0308rgens, Hans Moser, Paul H\u00f6rbiger, Helmut Qualtinger<\/p>\n<p><a class=\"cta-primary-solid\" href=\"https:\/\/booking.cinetixx.de\/frontend\/index.html?cinemaId=2079319745&amp;showId=3471507149&amp;bgswitch=false&amp;resize=false#\/show\/2079319745\/3471507149\" target=\"_blank\" rel=\"noopener\">Ticket buchen<\/a><\/p>\n\t\t\t<\/div>\n\t\t<\/div>\n\t<\/div>\n<\/div>\n\n\n<\/div><\/div><\/div><div class=\"accordion-panel\" data-panel-id=\"di-2-6-20-uhr-new-york-stories\">\n\t<div class=\"accordion-headline\">\n\t\t<h4>Di. 2.6., 20 Uhr: New York Stories<\/h4>\n\t<\/div>\n\t<div class=\"accordion-content\">\n\t\t<div class=\"accordion-content-inner\">\n\n\n<div class=\"ce ce-onecol      \">\n\t<div class=\"container\">\n\t\t<div class=\"row\">\n\t\t\t<div class=\"col\">\n\t\t\t\t<p>US 1989, 124 Min., FSK: ab 12; p\u00e4dagogische Empfehlung: ab\u00a0 16<\/p>\n<p>Mit dem Episodenfilm <em>New York Stories<\/em> tauchen wir in das pulsierende Manhattan ein. Martin Scorseses Episode \u201eLife Lessons\u201c zeigt das New Yorker Leben eines abstrakten Malers, dessen exzessiver Schaffensprozess und emotionale Verstrickungen jene k\u00fcnstlerische Energie spiegeln, die auch Wolfgang Hollegha dort zwei Jahrzehnte zuvor im Umfeld der K\u00fcnstler:innen des Abstrakten Expressionismus erlebt haben d\u00fcrfte. Die Stadt erschien ihm dabei wie eine \u201eWildnis\u201c, die er kurz darauf gegen den Wald am Rechberg eintauschte, um sich dort seinen Lebensmittelpunkt rund um die abstrakte Malerei einzurichten.<\/p>\n<p>Filmreihe begleitend zur Ausstellung \u201eWolfgang Hollegha. Denk nicht, schau!\u201c, der ersten musealen Einzelausstellung des \u00f6sterreichischen Ausnahmek\u00fcnstlers in Deutschland. Zu sehen bis zum 25.10.2026 im Museum Reinhard Ernst.<\/p>\n<p>Bei Vorlage des Kinotickets an der Museumskasse und Ausleihe eines Mediaguides erhalten Sie den erm\u00e4\u00dfigten Eintritt im jeweiligen Monat der Filmprojektion \u2013 bei Vorlage des Museumstickets an der Kinokasse erhalten Sie den erm\u00e4\u00dfigten Eintritt auf die Filme der Reihe.<\/p>\n<p>Regie: Woody Allen, Francis Ford Coppola, Martin Scorsese<br \/>\nBuch: Richard Price, Francis Ford Coppola, Sofia Coppola, Woody Allen<br \/>\nKamera: Nestor Almendros, Vittorio Storaro, Sven Nykvist<br \/>\nMusik: Popsongs, Carmine Coppola, Kid Creole &amp; The Coconuts, div. Interpreten<br \/>\nMit Nick Nolte, Rosanna Arquette, Patrick O&#8217;Neal, Jesse Borrego, Steve Buscemi<\/p>\n<p><a class=\"cta-primary-solid\" href=\"https:\/\/caligari.wiesbaden.de\/programmuebersicht\/aktuelles-programm\" target=\"_blank\" rel=\"noopener\">Tickets demn\u00e4chst hier<\/a><\/p>\n\t\t\t<\/div>\n\t\t<\/div>\n\t<\/div>\n<\/div>\n\n\n<\/div><\/div><\/div><\/div><\/div><\/div><\/div><\/div>\n\n<div class=\"ce ce-onecol      \">\n\t<div class=\"container\">\n\t\t<div class=\"row\">\n\t\t\t<div class=\"col\">\n\t\t\t\t<p>Weitere Filmtermine folgen hier in K\u00fcrze sowie auf <a id=\"menur16r\" class=\"fui-Link ___1q1shib f2hkw1w f3rmtva f1ewtqcl fyind8e f1k6fduh f1w7gpdv fk6fouc fjoy568 figsok6 f1s184ao f1mk8lai fnbmjn9 f1o700av f13mvf36 f1cmlufx f9n3di6 f1ids18y f1tx3yz7 f1deo86v f1eh06m1 f1iescvh fhgqx19 f1olyrje f1p93eir f1nev41a f1h8hb77 f1lqvz6u f10aw75t fsle3fq f17ae5zn\" title=\"https:\/\/caligari.wiesbaden.de\/programmuebersicht\/veranstaltungskalender-caligari\" href=\"https:\/\/caligari.wiesbaden.de\/programmuebersicht\/aktuelles-programm\" target=\"_blank\" rel=\"noreferrer noopener\" aria-label=\"Link Aktuelles Programm | Caligari FilmB\u00fchne\">Aktuelles Programm | Caligari FilmB\u00fchne<\/a>.<\/p>\n\t\t\t<\/div>\n\t\t<\/div>\n\t<\/div>\n<\/div>\n\n\n<div class=\"ce ce-onecol  pt-small pb-small  bgr-black \">\n\t<div class=\"container\">\n\t\t<div class=\"row\">\n\t\t\t<div class=\"col\">\n\t\t\t\t<h2><span style=\"color: #ffffff;\"><strong>Erm\u00e4\u00dfigung:<\/strong><\/span><\/h2>\n<p><span style=\"color: #ffffff;\"><strong>Win-Win!<\/strong> Bei Vorlage des Kinotickets an der Museumskasse und Ausleihe eines Mediaguides erhalten Sie den erm\u00e4\u00dfigten Eintritt im jeweiligen Monat der Filmprojektion \u2013 bei Vorlage des Museumstickets an der Kinokasse erhalten Sie den erm\u00e4\u00dfigten Eintritt auf die Kooperationsfilmvorstellung.<\/span><\/p>\n\t\t\t<\/div>\n\t\t<\/div>\n\t<\/div>\n<\/div>\n","protected":false},"excerpt":{"rendered":"<p>Tauchen Sie ein in die Themenwelten Wolfgang Holleghas. Mit unserer Filmreihe &#8222;Denk nicht, schau!&#8220; zur gleichnamigen Sonderausstellung und ersten musealen Einzelausstellung des \u00f6sterreichischen Ausnahmek\u00fcnstlers in Deutschland. Die intensiven und gleichzeitig luftig-leichten Farbsymphonien des abstrakten Malers k\u00f6nnen Sie im mre bewundern. In der Filmreihe begeben wir uns auf die Suche nach den Lebensrealit\u00e4ten des Malers, der sich in der Wiener Nachkriegsgesellschaft als K\u00fcnstler etablierte und um 1960 gro\u00dfe Erfolge in New York feierte.<\/p>\n<p>Eine Kooperation mit dem DFF Deutsches Filminstitut Filmmuseum Frankfurt und dem Kulturamt der Landeshauptstadt Wiesbaden.<\/p>\n","protected":false},"author":8,"featured_media":43051,"comment_status":"closed","ping_status":"closed","sticky":false,"template":"","format":"standard","meta":{"_acf_changed":false,"content-type":"","_relevanssi_hide_post":"","_relevanssi_hide_content":"","_relevanssi_pin_for_all":"","_relevanssi_pin_keywords":"","_relevanssi_unpin_keywords":"","_relevanssi_related_keywords":"","_relevanssi_related_include_ids":"","_relevanssi_related_exclude_ids":"","_relevanssi_related_no_append":"","_relevanssi_related_not_related":"","_relevanssi_related_posts":"10019,6419,15570,256,9846,10062","_relevanssi_noindex_reason":"","footnotes":""},"categories":[1,791,828],"tags":[],"class_list":["post-43050","post","type-post","status-publish","format-standard","has-post-thumbnail","hentry","category-allgemeines","category-veranstaltungen","category-vermittlung"],"acf":[],"_links":{"self":[{"href":"https:\/\/www.museum-re.de\/de\/wp-json\/wp\/v2\/posts\/43050","targetHints":{"allow":["GET"]}}],"collection":[{"href":"https:\/\/www.museum-re.de\/de\/wp-json\/wp\/v2\/posts"}],"about":[{"href":"https:\/\/www.museum-re.de\/de\/wp-json\/wp\/v2\/types\/post"}],"author":[{"embeddable":true,"href":"https:\/\/www.museum-re.de\/de\/wp-json\/wp\/v2\/users\/8"}],"replies":[{"embeddable":true,"href":"https:\/\/www.museum-re.de\/de\/wp-json\/wp\/v2\/comments?post=43050"}],"version-history":[{"count":6,"href":"https:\/\/www.museum-re.de\/de\/wp-json\/wp\/v2\/posts\/43050\/revisions"}],"predecessor-version":[{"id":43691,"href":"https:\/\/www.museum-re.de\/de\/wp-json\/wp\/v2\/posts\/43050\/revisions\/43691"}],"wp:featuredmedia":[{"embeddable":true,"href":"https:\/\/www.museum-re.de\/de\/wp-json\/wp\/v2\/media\/43051"}],"wp:attachment":[{"href":"https:\/\/www.museum-re.de\/de\/wp-json\/wp\/v2\/media?parent=43050"}],"wp:term":[{"taxonomy":"category","embeddable":true,"href":"https:\/\/www.museum-re.de\/de\/wp-json\/wp\/v2\/categories?post=43050"},{"taxonomy":"post_tag","embeddable":true,"href":"https:\/\/www.museum-re.de\/de\/wp-json\/wp\/v2\/tags?post=43050"}],"curies":[{"name":"wp","href":"https:\/\/api.w.org\/{rel}","templated":true}]}}