{"id":6349,"date":"2023-10-19T13:15:00","date_gmt":"2023-10-19T11:15:00","guid":{"rendered":"https:\/\/www.museum-re.de\/?p=6349"},"modified":"2023-12-22T14:58:45","modified_gmt":"2023-12-22T13:58:45","slug":"eine-hommage-an-lee-krasner","status":"publish","type":"post","link":"https:\/\/www.museum-re.de\/de\/museum\/aktuelles\/eine-hommage-an-lee-krasner\/","title":{"rendered":"Eine Hommage an Lee Krasner"},"content":{"rendered":"<div class=\"ce ce-onecol    layout-8-centered  \">\n\t<div class=\"container\">\n\t\t<div class=\"row\">\n\t\t\t<div class=\"col\">\n\t\t\t\t<p><strong>Auch heute aktuell: Ein Bezugspunkt f\u00fcr junge K\u00fcnstler:innen<\/strong><\/p>\n<p>Lee Krasner befragte ihre Arbeiten regelm\u00e4\u00dfig mithilfe der Malerei und erforschte mit ihr das eigene Ich. Jedes Werk brachte sie dazu, ihren Standpunkt zu hinterfragen und sich neu zu erfinden.<\/p>\n<p>\u201eIch habe einen Stapel Zeichnungen gemacht, die ich im Studio aufgeh\u00e4ngt hatte, und als ich eines Tages reinkam, hasste ich sie und zerriss sie alle und warf sie auf den Boden. Und als ich einige Tage sp\u00e4ter wieder ins Studio ging, sahen sie auf diese Art pl\u00f6tzlich ziemlich gut aus.\u201c<\/p>\n<p>Im nachfolgenden Video spricht Krasner \u00fcber ihre Karriere und k\u00fcnstlerischen Schaffensprozesse:<\/p>\n<div class=\"brlbs-cmpnt-container brlbs-cmpnt-content-blocker brlbs-cmpnt-with-individual-styles\" data-borlabs-cookie-content-blocker-id=\"youtube-content-blocker\" data-borlabs-cookie-content=\"PGRpdiBjbGFzcz0icmVzcG9uc2l2ZS12aWRlbyI+PGlmcmFtZSB0aXRsZT0iTGVlIEtyYXNuZXI6IEluIEhlciBPd24gV29yZHMiIHdpZHRoPSI1MDAiIGhlaWdodD0iMjgxIiBzcmM9Imh0dHBzOi8vd3d3LnlvdXR1YmUtbm9jb29raWUuY29tL2VtYmVkLzlzRDJVOU5rc3BZP2ZlYXR1cmU9b2VtYmVkJnNob3dpbmZvPTAiIGZyYW1lYm9yZGVyPSIwIiBhbGxvdz0iYWNjZWxlcm9tZXRlcjsgYXV0b3BsYXk7IGNsaXBib2FyZC13cml0ZTsgZW5jcnlwdGVkLW1lZGlhOyBneXJvc2NvcGU7IHBpY3R1cmUtaW4tcGljdHVyZTsgd2ViLXNoYXJlIiByZWZlcnJlcnBvbGljeT0ic3RyaWN0LW9yaWdpbi13aGVuLWNyb3NzLW9yaWdpbiIgYWxsb3dmdWxsc2NyZWVuPjwvaWZyYW1lPjwvZGl2Pg==\">\n<div class=\"brlbs-cmpnt-cb-preset-c brlbs-cmpnt-cb-youtube\">\n<div class=\"brlbs-cmpnt-cb-thumbnail\" style=\"background-image: url('https:\/\/www.museum-re.de\/wp-content\/uploads\/borlabs-cookie\/1\/yt_9sD2U9NkspY_hqdefault.jpg')\"><\/div>\n<div class=\"brlbs-cmpnt-cb-main\">\n<div class=\"brlbs-cmpnt-cb-play-button\"><\/div>\n<div class=\"brlbs-cmpnt-cb-content\">\n<p class=\"brlbs-cmpnt-cb-description\">Sie sehen gerade einen Platzhalterinhalt von <strong>YouTube<\/strong>. Um auf den eigentlichen Inhalt zuzugreifen, klicken Sie auf die Schaltfl\u00e4che unten. Bitte beachten Sie, dass dabei Daten an Drittanbieter weitergegeben werden.<\/p>\n<p> <a class=\"brlbs-cmpnt-cb-provider-toggle\" href=\"#\" data-borlabs-cookie-show-provider-information role=\"button\">Mehr Informationen<\/a> <\/div>\n<div class=\"brlbs-cmpnt-cb-buttons\"> <a class=\"brlbs-cmpnt-cb-btn\" href=\"#\" data-borlabs-cookie-unblock role=\"button\">Inhalt entsperren<\/a> <a class=\"brlbs-cmpnt-cb-btn\" href=\"#\" data-borlabs-cookie-accept-service role=\"button\" style=\"display: inherit\">Erforderlichen Service akzeptieren und Inhalte entsperren<\/a> <\/div>\n<\/p><\/div>\n<\/p><\/div>\n<\/div>\n\t\t\t<\/div>\n\t\t<\/div>\n\t<\/div>\n<\/div>\n\n\n<div class=\"ce ce-onecol    layout-8-centered  \">\n\t<div class=\"container\">\n\t\t<div class=\"row\">\n\t\t\t<div class=\"col\">\n\t\t\t\t<hr \/>\n<p>Lee Krasner erkannte in der Vergangenheit, Gegenwart und Zukunft eine wechselseitige Beziehung: Nichts entsteht im luftleeren Raum. \u201eIch bin nie frei von der Vergangenheit, ich glaube an Kontinuit\u00e4t. F\u00fcr mich ist sonnenklar, dass die Vergangenheit Teil der Gegenwart ist, die wiederum Teil der Zukunft ist\u201c, schrieb sie 1979.<\/p>\n<p>Die Frage, welche Formen Malerei annehmen und was sie als Kunstform ausdr\u00fccken kann, wird von jeder Generation neu verhandelt. Dass Wegbereiter:innen der Abstraktion, wie Lee Krasner, f\u00fcr junge zeitgen\u00f6ssische K\u00fcnstler:innen wichtige Bezugspunkte darstellen \u2013 und ihnen gleicherma\u00dfen als Inspiration und Abgrenzung dienen \u2013, zeigt auch die Sammlung Reinhard Ernst. In neuen Bildern klingen die Werke vorausgegangener Generationen nach.<\/p>\n<p><strong>Der unbeugsame Weg einer K\u00fcnstlerin<\/strong><\/p>\n<p>Im Entstehungsjahr von\u00a0<em>Peacock<\/em>\u00a0erkl\u00e4rte die K\u00fcnstlerin in einem Fernsehinterview, die mangelnde Anerkennung ihrer Werke h\u00e4nge nicht nur damit zusammen, dass sie in den 1950er-Jahren eine aufstrebende weibliche K\u00fcnstlerin war, sondern auch damit, dass sie j\u00fcdisch sei. Tats\u00e4chlich wurde sie bis Ende der 1970er-Jahre haupts\u00e4chlich von j\u00fcdischen Frauen der New Yorker Kunstszene wie den Kunstkritikerinnen und Kuratorinnen Barbara Rose oder Marcia Tucker unterst\u00fctzt und ausgestellt.<\/p>\n<p>Lee Krasner hat als junge Frau am eigenen Leib erfahren, wie viel Kraft, Talent und Hartn\u00e4ckigkeit es braucht, um sich gegen die vielerorts institutionelle Diskriminierung von K\u00fcnstlerinnen durchzusetzen. In der Vereinigung Women in the Arts protestierte sie gegen die mangelnde Ber\u00fccksichtigung von Frauen in der Kunstwelt. Mit ihrer klaren Haltung und ihrem Aufbegehren gegen die l\u00fcckenhafte Repr\u00e4sentation von K\u00fcnstlerinnen in der Kunstgeschichte ist sie bis heute f\u00fcr viele ein Vorbild. In einer Zeit, in der Frauen weder in der Gesellschaft noch im Kunstdiskurs W\u00fcrdigung erfuhren, ist Lee Krasners k\u00fcnstlerische Eigenst\u00e4ndigkeit radikal.<\/p>\n<p>#abstraktekunst #abstrakterexpressionismus #leekrasner<\/p>\n\t\t\t<\/div>\n\t\t<\/div>\n\t<\/div>\n<\/div>\n","protected":false},"excerpt":{"rendered":"<p>Radikal, hartn\u00e4ckig und talentiert \u2013 diese Eigenschaften verbindet unsere Kuratorin Lea Sch\u00e4fer mit der US-amerikanischen K\u00fcnstlerin Lee Krasner. Anl\u00e4sslich ihres 115. Geburtstags (27.10.1908) widmen wir ihr im Monat Oktober einen Geburtstagsgru\u00df. Erfahren Sie hier, was die Kuratorin des mre an Krasner besonders beeindruckt:<\/p>\n","protected":false},"author":8,"featured_media":6352,"comment_status":"closed","ping_status":"closed","sticky":false,"template":"","format":"standard","meta":{"_acf_changed":false,"content-type":"","_relevanssi_hide_post":"","_relevanssi_hide_content":"","_relevanssi_pin_for_all":"","_relevanssi_pin_keywords":"","_relevanssi_unpin_keywords":"","_relevanssi_related_keywords":"","_relevanssi_related_include_ids":"","_relevanssi_related_exclude_ids":"","_relevanssi_related_no_append":"","_relevanssi_related_not_related":"","_relevanssi_related_posts":"1243,272,256,265,6297","_relevanssi_noindex_reason":"","footnotes":""},"categories":[23],"tags":[],"class_list":["post-6349","post","type-post","status-publish","format-standard","has-post-thumbnail","hentry","category-kunst"],"acf":[],"_links":{"self":[{"href":"https:\/\/www.museum-re.de\/de\/wp-json\/wp\/v2\/posts\/6349","targetHints":{"allow":["GET"]}}],"collection":[{"href":"https:\/\/www.museum-re.de\/de\/wp-json\/wp\/v2\/posts"}],"about":[{"href":"https:\/\/www.museum-re.de\/de\/wp-json\/wp\/v2\/types\/post"}],"author":[{"embeddable":true,"href":"https:\/\/www.museum-re.de\/de\/wp-json\/wp\/v2\/users\/8"}],"replies":[{"embeddable":true,"href":"https:\/\/www.museum-re.de\/de\/wp-json\/wp\/v2\/comments?post=6349"}],"version-history":[{"count":10,"href":"https:\/\/www.museum-re.de\/de\/wp-json\/wp\/v2\/posts\/6349\/revisions"}],"predecessor-version":[{"id":6445,"href":"https:\/\/www.museum-re.de\/de\/wp-json\/wp\/v2\/posts\/6349\/revisions\/6445"}],"wp:featuredmedia":[{"embeddable":true,"href":"https:\/\/www.museum-re.de\/de\/wp-json\/wp\/v2\/media\/6352"}],"wp:attachment":[{"href":"https:\/\/www.museum-re.de\/de\/wp-json\/wp\/v2\/media?parent=6349"}],"wp:term":[{"taxonomy":"category","embeddable":true,"href":"https:\/\/www.museum-re.de\/de\/wp-json\/wp\/v2\/categories?post=6349"},{"taxonomy":"post_tag","embeddable":true,"href":"https:\/\/www.museum-re.de\/de\/wp-json\/wp\/v2\/tags?post=6349"}],"curies":[{"name":"wp","href":"https:\/\/api.w.org\/{rel}","templated":true}]}}