{"id":9987,"date":"2024-03-08T12:23:00","date_gmt":"2024-03-08T11:23:00","guid":{"rendered":"https:\/\/www.museum-re.de\/?p=9987"},"modified":"2024-05-16T12:38:32","modified_gmt":"2024-05-16T10:38:32","slug":"toko-shinoda-klassische-tuschekunst-neu-interpretiert","status":"publish","type":"post","link":"https:\/\/www.museum-re.de\/de\/museum\/aktuelles\/toko-shinoda-klassische-tuschekunst-neu-interpretiert\/","title":{"rendered":"T\u014dk\u014d Shinoda \u2013 klassische Tuschekunst neu interpretiert"},"content":{"rendered":"<div class=\"ce ce-onecol      \">\n\t<div class=\"container\">\n\t\t<div class=\"row\">\n\t\t\t<div class=\"col\">\n\t\t\t\t<p>Moderne und Tradition, Freiheit und Kontrolle \u2013 die japanische K\u00fcnstlerin T\u014dk\u014d Shinoda vereinte in ihren Schaffensprozessen scheinbare Gegens\u00e4tze. Doch was bewegte die K\u00fcnstlerin, die sich seit ihrer Jugend intensiv mit den klassischen Techniken der japanischen Tuschekunst besch\u00e4ftigte, sich von diesen zu l\u00f6sen und eigene Regeln aufzustellen?<\/p>\n<p>In unserem neuesten Video f\u00fchrt Sie Kuratorin Lea Sch\u00e4fer n\u00e4her an die Lebensgeschichte und k\u00fcnstlerischen Entwicklungsstufen von T\u014dk\u014d Shinoda heran, insbesondere an ihren Weg zur abstrakten Kunst. Erfahren Sie, welche Pers\u00f6nlichkeiten aus der New Yorker Kunstszene der 1950er-Jahre einen bedeutenden Einfluss auf sie hatten.<\/p>\n<p>Zudem erz\u00e4hlt Sammler Reinhard Ernst von seiner pers\u00f6nlichen Verbindung zur K\u00fcnstlerin und erl\u00e4utert, warum die Werke Shinodas f\u00fcr ihn von besonderer Bedeutung sind.<\/p>\n\t\t\t<\/div>\n\t\t<\/div>\n\t<\/div>\n<\/div>\n\n\n<div class=\"ce ce-onecol  pt-medium pb-medium layout-10-centered  \">\n\t<div class=\"container\">\n\t\t<div class=\"row\">\n\t\t\t<div class=\"col\">\n\t\t\t\t\n<div class=\"brlbs-cmpnt-container brlbs-cmpnt-content-blocker brlbs-cmpnt-with-individual-styles\" data-borlabs-cookie-content-blocker-id=\"youtube-content-blocker\" data-borlabs-cookie-content=\"PGRpdiBjbGFzcz0icmVzcG9uc2l2ZS12aWRlbyI+PGlmcmFtZSB0aXRsZT0iU2FtbWx1bmc6IFTFjWvFjSBTaGlub2RhLCBVbnNlZW4gRm9ybXMgIzE1IiB3aWR0aD0iNTAwIiBoZWlnaHQ9IjI4MSIgc3JjPSJodHRwczovL3d3dy55b3V0dWJlLW5vY29va2llLmNvbS9lbWJlZC9xT1loRF96TEtYdz9mZWF0dXJlPW9lbWJlZCZzaG93aW5mbz0wIiBmcmFtZWJvcmRlcj0iMCIgYWxsb3c9ImFjY2VsZXJvbWV0ZXI7IGF1dG9wbGF5OyBjbGlwYm9hcmQtd3JpdGU7IGVuY3J5cHRlZC1tZWRpYTsgZ3lyb3Njb3BlOyBwaWN0dXJlLWluLXBpY3R1cmU7IHdlYi1zaGFyZSIgcmVmZXJyZXJwb2xpY3k9InN0cmljdC1vcmlnaW4td2hlbi1jcm9zcy1vcmlnaW4iIGFsbG93ZnVsbHNjcmVlbj48L2lmcmFtZT48L2Rpdj4=\">\n<div class=\"brlbs-cmpnt-cb-preset-c brlbs-cmpnt-cb-youtube\">\n<div class=\"brlbs-cmpnt-cb-thumbnail\" style=\"background-image: url('https:\/\/www.museum-re.de\/wp-content\/uploads\/borlabs-cookie\/1\/yt_qOYhD_zLKXw_hqdefault.jpg')\"><\/div>\n<div class=\"brlbs-cmpnt-cb-main\">\n<div class=\"brlbs-cmpnt-cb-play-button\"><\/div>\n<div class=\"brlbs-cmpnt-cb-content\">\n<p class=\"brlbs-cmpnt-cb-description\">Sie sehen gerade einen Platzhalterinhalt von <strong>YouTube<\/strong>. Um auf den eigentlichen Inhalt zuzugreifen, klicken Sie auf die Schaltfl\u00e4che unten. Bitte beachten Sie, dass dabei Daten an Drittanbieter weitergegeben werden.<\/p>\n<p> <a class=\"brlbs-cmpnt-cb-provider-toggle\" href=\"#\" data-borlabs-cookie-show-provider-information role=\"button\">Mehr Informationen<\/a> <\/div>\n<div class=\"brlbs-cmpnt-cb-buttons\"> <a class=\"brlbs-cmpnt-cb-btn\" href=\"#\" data-borlabs-cookie-unblock role=\"button\">Inhalt entsperren<\/a> <a class=\"brlbs-cmpnt-cb-btn\" href=\"#\" data-borlabs-cookie-accept-service role=\"button\" style=\"display: inherit\">Erforderlichen Service akzeptieren und Inhalte entsperren<\/a> <\/div>\n<\/p><\/div>\n<\/p><\/div>\n<\/div>\n\t\t\t<\/div>\n\t\t<\/div>\n\t<\/div>\n<\/div>\n\n\n<div class=\"ce ce-onecol      \">\n\t<div class=\"container\">\n\t\t<div class=\"row\">\n\t\t\t<div class=\"col\">\n\t\t\t\t<p>Wenn Sie mehr \u00fcber die Arbeiten der K\u00fcnstlerin aus der Sammlung Reinhard Ernst erfahren m\u00f6chten, laden wir Sie herzlich ein, einen Blick in die <a href=\"https:\/\/www.museum-re.de\/de\/kunst\/sammlung-reinhard-ernst\/\">Online-Sammlung<\/a>\u00a0zu werfen.<\/p>\n<p>#abstrakterexpressionismus #kalligrafie<\/p>\n\t\t\t<\/div>\n\t\t<\/div>\n\t<\/div>\n<\/div>\n","protected":false},"excerpt":{"rendered":"","protected":false},"author":8,"featured_media":9988,"comment_status":"closed","ping_status":"closed","sticky":false,"template":"","format":"standard","meta":{"_acf_changed":false,"content-type":"","_relevanssi_hide_post":"","_relevanssi_hide_content":"","_relevanssi_pin_for_all":"","_relevanssi_pin_keywords":"","_relevanssi_unpin_keywords":"","_relevanssi_related_keywords":"","_relevanssi_related_include_ids":"","_relevanssi_related_exclude_ids":"","_relevanssi_related_no_append":"","_relevanssi_related_not_related":"","_relevanssi_related_posts":"9971,6458,6297,265,10030,10022","_relevanssi_noindex_reason":"","footnotes":""},"categories":[1],"tags":[],"class_list":["post-9987","post","type-post","status-publish","format-standard","has-post-thumbnail","hentry","category-allgemeines"],"acf":[],"_links":{"self":[{"href":"https:\/\/www.museum-re.de\/de\/wp-json\/wp\/v2\/posts\/9987","targetHints":{"allow":["GET"]}}],"collection":[{"href":"https:\/\/www.museum-re.de\/de\/wp-json\/wp\/v2\/posts"}],"about":[{"href":"https:\/\/www.museum-re.de\/de\/wp-json\/wp\/v2\/types\/post"}],"author":[{"embeddable":true,"href":"https:\/\/www.museum-re.de\/de\/wp-json\/wp\/v2\/users\/8"}],"replies":[{"embeddable":true,"href":"https:\/\/www.museum-re.de\/de\/wp-json\/wp\/v2\/comments?post=9987"}],"version-history":[{"count":1,"href":"https:\/\/www.museum-re.de\/de\/wp-json\/wp\/v2\/posts\/9987\/revisions"}],"predecessor-version":[{"id":9990,"href":"https:\/\/www.museum-re.de\/de\/wp-json\/wp\/v2\/posts\/9987\/revisions\/9990"}],"wp:featuredmedia":[{"embeddable":true,"href":"https:\/\/www.museum-re.de\/de\/wp-json\/wp\/v2\/media\/9988"}],"wp:attachment":[{"href":"https:\/\/www.museum-re.de\/de\/wp-json\/wp\/v2\/media?parent=9987"}],"wp:term":[{"taxonomy":"category","embeddable":true,"href":"https:\/\/www.museum-re.de\/de\/wp-json\/wp\/v2\/categories?post=9987"},{"taxonomy":"post_tag","embeddable":true,"href":"https:\/\/www.museum-re.de\/de\/wp-json\/wp\/v2\/tags?post=9987"}],"curies":[{"name":"wp","href":"https:\/\/api.w.org\/{rel}","templated":true}]}}