{"id":9997,"date":"2023-11-09T12:41:00","date_gmt":"2023-11-09T11:41:00","guid":{"rendered":"https:\/\/www.museum-re.de\/?p=9997"},"modified":"2024-05-16T12:45:11","modified_gmt":"2024-05-16T10:45:11","slug":"museumsgala-2023-auftakt-im-mre","status":"publish","type":"post","link":"https:\/\/www.museum-re.de\/de\/museum\/aktuelles\/museumsgala-2023-auftakt-im-mre\/","title":{"rendered":"Museumsgala 2023: Auftakt im mre"},"content":{"rendered":"<div class=\"ce ce-onecol      \">\n\t<div class=\"container\">\n\t\t<div class=\"row\">\n\t\t\t<div class=\"col\">\n\t\t\t\t<p>Von links nach rechts: Dr. Andreas Henning (Direktor des Museums Wiesbaden), Dr. Oliver Kornhoff (Direktor des mre), das Stifterehepaar Sonja und Reinhard Ernst, Stephan Ziegler (Kuratoriumsvorsitzender der Freunde des Museums Wiesbaden), Dr. Gerd Eckelmann (Vorstandsvorsitzender der Freunde des Museums Wiesbaden). Foto: Anika Dekubanowski (mre)<\/p>\n<div class=\"ce ce-onecol \">\n<div class=\"container\">\n<div class=\"row\">\n<div class=\"col-sm\">\n<hr \/>\n<p>&nbsp;<\/p>\n<\/div>\n<\/div>\n<\/div>\n<\/div>\n\t\t\t<\/div>\n\t\t<\/div>\n\t<\/div>\n<\/div>\n\n\n<div class=\"ce ce-onecol      \">\n\t<div class=\"container\">\n\t\t<div class=\"row\">\n\t\t\t<div class=\"col\">\n\t\t\t\t<p>Ein besonderer Programmpunkt erwartete die Freunde des Museums Wiesbaden e.V. am 8. November 2023 anl\u00e4sslich der neunten Museumsgala: Rund 360 G\u00e4ste konnten einen ersten Blick in das benachbarte Museum Reinhard Ernst (mre) werfen, das planm\u00e4\u00dfig im Fr\u00fchjahr 2024 er\u00f6ffnen wird.<\/p>\n<p>P\u00fcnktlich um 18 Uhr \u00f6ffneten sich die T\u00fcren des mre. Das Stifterehepaar Reinhard und Sonja Ernst, mre-Direktor Dr. Oliver Kornhoff, Dr. Gerd Eckelmann, Vorstandsvorsitzender des Freundeskreises, Stephan Ziegler, Vorsitzender des Kuratoriums, und Dr. Andreas Henning, Direktor des Museums Wiesbaden sowie das ganze Gr\u00fcndungsteam des mre hie\u00dfen die G\u00e4ste im hellerleuchteten Erdgeschoss willkommen.<\/p>\n<p>Diese erste gemeinsame Veranstaltung bildete den Auftakt f\u00fcr eine gute Nachbarschaft und Zusammenarbeit zwischen beiden Museen.<\/p>\n<p>\u201eF\u00fcr meine Frau und mich ist dieser Abend ein ganz besonderer Anlass: Als langj\u00e4hrige Unterst\u00fctzer der Museumsgala ist es uns eine gro\u00dfe Freude, den Freundeskreis und seine G\u00e4ste im mre willkommen zu hei\u00dfen\u201c, so Museumsgr\u00fcnder Reinhard Ernst bei der Begr\u00fc\u00dfung. \u201eWenn unser Haus ge\u00f6ffnet ist, werden die Wiesbadenerinnen und Wiesbadener gleich am Anfang der Wilhelmstra\u00dfe zwei kulturelle H\u00f6hepunkte in unmittelbarer Nachbarschaft finden. Die beiden H\u00e4user bilden nun den Anfang einer Kulturmeile, die mit dem Nassauischen Kunstverein und dem Literaturhaus Villa Clementine, dem Kurhaus und dem Staatstheater, dem Kunstverein Bellevue-Saal und ein paar Schritte weiter dem SAM \u2013 Stadtmuseum am Markt sowie dem Kunsthaus Wiesbaden \u2013 f\u00fcr jeden Geschmack und jede Sparte das passende Angebot bereith\u00e4lt. Unser Haus mit seinem Fokus auf abstrakter Kunst bietet hier eine bedeutende Erweiterung und begr\u00fcndet eine neue Tradition.\u201c<\/p>\n<p>Dr. Oliver Kornhoff, Direktor des mre, erg\u00e4nzte: \u201eGemeinsam mit den Kunst- und Kulturinstitutionen unserer Stadt stehen das Museum Reinhard Ernst und das Museum Wiesbaden f\u00fcr vereinte Kompetenz und mehr Reichweite f\u00fcr die Kunst. Mehr noch, diese Nachbarschaft ist beispielhaft f\u00fcr die Vielfalt der Museumslandschaft in Deutschland, die aus privaten und \u00f6ffentlich finanzierten Museen besteht. Gemeinsam ist unseren beiden H\u00e4usern das tatkr\u00e4ftige b\u00fcrgerschaftliche Engagement von passionierten Sammlern, ohne deren Leidenschaft diese H\u00e4user niemals entstanden w\u00e4ren.\u201c<\/p>\n\t\t\t<\/div>\n\t\t<\/div>\n\t<\/div>\n<\/div>\n\n\n<div class=\"ce ce-onecol  pt-medium pb-medium layout-10-centered  \">\n\t<div class=\"container\">\n\t\t<div class=\"row\">\n\t\t\t<div class=\"col\">\n\t\t\t\t\n<div class=\"brlbs-cmpnt-container brlbs-cmpnt-content-blocker brlbs-cmpnt-with-individual-styles\" data-borlabs-cookie-content-blocker-id=\"youtube-content-blocker\" data-borlabs-cookie-content=\"PGRpdiBjbGFzcz0icmVzcG9uc2l2ZS12aWRlbyI+PGlmcmFtZSB0aXRsZT0iRWluIFdpbGxrb21tZW5zZ3J1w58gaW0gTXVzZXVtIFJlaW5oYXJkIEVybnN0IHp1ciBNdXNldW1zZ2FsYSBkZXIgRnJldW5kZSBkZXMgTXVzZXVtcyBXaWVzYmFkZW4gZS4gVi4iIHdpZHRoPSI1MDAiIGhlaWdodD0iMjgxIiBzcmM9Imh0dHBzOi8vd3d3LnlvdXR1YmUtbm9jb29raWUuY29tL2VtYmVkL2JFS3I5U2VpS284P2ZlYXR1cmU9b2VtYmVkJnNob3dpbmZvPTAiIGZyYW1lYm9yZGVyPSIwIiBhbGxvdz0iYWNjZWxlcm9tZXRlcjsgYXV0b3BsYXk7IGNsaXBib2FyZC13cml0ZTsgZW5jcnlwdGVkLW1lZGlhOyBneXJvc2NvcGU7IHBpY3R1cmUtaW4tcGljdHVyZTsgd2ViLXNoYXJlIiByZWZlcnJlcnBvbGljeT0ic3RyaWN0LW9yaWdpbi13aGVuLWNyb3NzLW9yaWdpbiIgYWxsb3dmdWxsc2NyZWVuPjwvaWZyYW1lPjwvZGl2Pg==\">\n<div class=\"brlbs-cmpnt-cb-preset-c brlbs-cmpnt-cb-youtube\">\n<div class=\"brlbs-cmpnt-cb-thumbnail\" style=\"background-image: url('https:\/\/www.museum-re.de\/wp-content\/uploads\/borlabs-cookie\/1\/yt_bEKr9SeiKo8_hqdefault.jpg')\"><\/div>\n<div class=\"brlbs-cmpnt-cb-main\">\n<div class=\"brlbs-cmpnt-cb-play-button\"><\/div>\n<div class=\"brlbs-cmpnt-cb-content\">\n<p class=\"brlbs-cmpnt-cb-description\">Sie sehen gerade einen Platzhalterinhalt von <strong>YouTube<\/strong>. Um auf den eigentlichen Inhalt zuzugreifen, klicken Sie auf die Schaltfl\u00e4che unten. Bitte beachten Sie, dass dabei Daten an Drittanbieter weitergegeben werden.<\/p>\n<p> <a class=\"brlbs-cmpnt-cb-provider-toggle\" href=\"#\" data-borlabs-cookie-show-provider-information role=\"button\">Mehr Informationen<\/a> <\/div>\n<div class=\"brlbs-cmpnt-cb-buttons\"> <a class=\"brlbs-cmpnt-cb-btn\" href=\"#\" data-borlabs-cookie-unblock role=\"button\">Inhalt entsperren<\/a> <a class=\"brlbs-cmpnt-cb-btn\" href=\"#\" data-borlabs-cookie-accept-service role=\"button\" style=\"display: inherit\">Erforderlichen Service akzeptieren und Inhalte entsperren<\/a> <\/div>\n<\/p><\/div>\n<\/p><\/div>\n<\/div>\n\t\t\t<\/div>\n\t\t<\/div>\n\t<\/div>\n<\/div>\n\n\n<div class=\"ce ce-onecol      \">\n\t<div class=\"container\">\n\t\t<div class=\"row\">\n\t\t\t<div class=\"col\">\n\t\t\t\t<p>Dr. Gerd Eckelmann, Vorstandsvorsitzender der Freunde des Museums Wiesbaden: \u201eMit der 9. Museumsgala setzen wir die Tradition, vielf\u00e4ltiges b\u00fcrgerschaftliches Engagement zur Erweiterung der Sammlung des Museums Wiesbaden einzusetzen, fort. In diesem Jahr f\u00fcgen wir eine neue bereichernde Facette hinzu. Wir schlagen eine Br\u00fccke zum beeindruckenden Museum f\u00fcr abstrakte Kunst. Ich danke dem Ehepaar Reinhard und Sonja Ernst, das mit seiner Stiftung der Kunst- und Kulturszene in Wiesbaden einen weiteren Leuchtturm beschert hat.\u201c<\/p>\n<p>Die Freundschaftsbande zwischen beiden H\u00e4user sind seit l\u00e4ngerem eng gekn\u00fcpft. Vor ein paar Jahren konnten interessierte Besucher:innen einen ersten Blick in die Sammlung Reinhard Ernst werfen: Von M\u00e4rz bis Juni 2019 wurden in den S\u00e4len des Museums Wiesbaden acht Werke aus der Sammlung des Wiesbadener Stifters gezeigt. In der gro\u00dfen Frank-Stella-Ausstellung im Sommer 2022 war ein raumgreifendes Relief aus der Moby-Dick-Werkreihe als Leihgabe aus der Sammlung Reinhard Ernst zu sehen.<\/p>\n<p>\u201eAuch f\u00fcr die Zukunft gilt: Wo immer sich Anl\u00e4sse zur Kooperation bieten, werden wir sie freudig wahrnehmen\u201c, so Oliver Kornhoff.<\/p>\n<p>Den ersten Gang eines Drei-G\u00e4nge-Menus servierte der Wiesbadenern wohlbekannte Gastronom G\u00fcnter Gollner, dessen Restaurant rue 1 zeitgleich mit dem Museum Reinhard Ernst er\u00f6ffnen wird.<\/p>\n\t\t\t<\/div>\n\t\t<\/div>\n\t<\/div>\n<\/div>\n","protected":false},"excerpt":{"rendered":"<p>Museum Reinhard Ernst (mre) empfing die Freunde des Museums Wiesbaden e.V. und ihre G\u00e4ste<\/p>\n","protected":false},"author":8,"featured_media":9998,"comment_status":"closed","ping_status":"closed","sticky":false,"template":"","format":"standard","meta":{"_acf_changed":false,"content-type":"","_relevanssi_hide_post":"","_relevanssi_hide_content":"","_relevanssi_pin_for_all":"","_relevanssi_pin_keywords":"","_relevanssi_unpin_keywords":"","_relevanssi_related_keywords":"","_relevanssi_related_include_ids":"","_relevanssi_related_exclude_ids":"","_relevanssi_related_no_append":"","_relevanssi_related_not_related":"","_relevanssi_related_posts":"","_relevanssi_noindex_reason":"","footnotes":""},"categories":[1],"tags":[],"class_list":["post-9997","post","type-post","status-publish","format-standard","has-post-thumbnail","hentry","category-allgemeines"],"acf":[],"_links":{"self":[{"href":"https:\/\/www.museum-re.de\/de\/wp-json\/wp\/v2\/posts\/9997","targetHints":{"allow":["GET"]}}],"collection":[{"href":"https:\/\/www.museum-re.de\/de\/wp-json\/wp\/v2\/posts"}],"about":[{"href":"https:\/\/www.museum-re.de\/de\/wp-json\/wp\/v2\/types\/post"}],"author":[{"embeddable":true,"href":"https:\/\/www.museum-re.de\/de\/wp-json\/wp\/v2\/users\/8"}],"replies":[{"embeddable":true,"href":"https:\/\/www.museum-re.de\/de\/wp-json\/wp\/v2\/comments?post=9997"}],"version-history":[{"count":2,"href":"https:\/\/www.museum-re.de\/de\/wp-json\/wp\/v2\/posts\/9997\/revisions"}],"predecessor-version":[{"id":10001,"href":"https:\/\/www.museum-re.de\/de\/wp-json\/wp\/v2\/posts\/9997\/revisions\/10001"}],"wp:featuredmedia":[{"embeddable":true,"href":"https:\/\/www.museum-re.de\/de\/wp-json\/wp\/v2\/media\/9998"}],"wp:attachment":[{"href":"https:\/\/www.museum-re.de\/de\/wp-json\/wp\/v2\/media?parent=9997"}],"wp:term":[{"taxonomy":"category","embeddable":true,"href":"https:\/\/www.museum-re.de\/de\/wp-json\/wp\/v2\/categories?post=9997"},{"taxonomy":"post_tag","embeddable":true,"href":"https:\/\/www.museum-re.de\/de\/wp-json\/wp\/v2\/tags?post=9997"}],"curies":[{"name":"wp","href":"https:\/\/api.w.org\/{rel}","templated":true}]}}