{"id":5138,"date":"2023-02-06T14:14:54","date_gmt":"2023-02-06T13:14:54","guid":{"rendered":"https:\/\/www.museum-re.de\/?post_type=nb_post_le&#038;p=5138"},"modified":"2024-04-26T14:45:02","modified_gmt":"2024-04-26T12:45:02","slug":"lernen-erleben-der-blog","status":"publish","type":"nb_post_le","link":"https:\/\/www.museum-re.de\/en\/education\/news-education\/lernen-erleben-der-blog\/","title":{"rendered":"Lernen &#038; erleben: Der Blog"},"content":{"rendered":"\t\t<div class=\"ce ce-accordion      \">\n\t\t  <div class=\"container\">\n\t\t\t<div class=\"row\">\n\t\t\t  <div class=\"col\">\n\t\t\t\t<div class=\"accordion\"><div class=\"accordion-panel\" data-panel-id=\"25-07-2022-mre-in-aktion\">\n\t<div class=\"accordion-headline\">\n\t\t<h4>25.07.2022 mre in Aktion<br \/>\r\n<\/h4>\n\t<\/div>\n\t<div class=\"accordion-content\">\n\t\t<div class=\"accordion-content-inner\">\n\n\n<div class=\"ce ce-twocol      \">\n\t<div class=\"container\">\n\t\t<div class=\"row\">\n\t\t\t<div class=\"col col-custom-1\">\n\t\t\t\t<p>Am Mittwoch, dem 13. Juli, brachte \u201emre in Aktion\u201c Kunst und Lachen auf den Rathausplatz. Endlich konnte das bisherige Highlight der Kooperation des Museums Reinhard Ernst mit der Wiesbadener IGS Alexej von Jawlensky realisiert werden.<\/p>\n\t\t\t<\/div>\n\t\t\t<div class=\"col col-custom-2\">\n\t\t\t\t\n<div class=\"brlbs-cmpnt-container brlbs-cmpnt-content-blocker brlbs-cmpnt-with-individual-styles\" data-borlabs-cookie-content-blocker-id=\"youtube-content-blocker\" data-borlabs-cookie-content=\"PGRpdiBjbGFzcz0icmVzcG9uc2l2ZS12aWRlbyI+PGlmcmFtZSB0aXRsZT0iI21yZSAjamF3bGVuc2t5c2NodWxlICNtdXNldW1yZWluaGFyZGVybnN0ICN3aWVzYmFkZW4gI21yZWluYWt0aW9uICNhY3Rpb25wYWludGluZyAjYWJzdHJhY3RhcnQiIHdpZHRoPSI1MDAiIGhlaWdodD0iMjgxIiBzcmM9Imh0dHBzOi8vd3d3LnlvdXR1YmUtbm9jb29raWUuY29tL2VtYmVkL2RiTXp5YVUtZkJrP2ZlYXR1cmU9b2VtYmVkJnNob3dpbmZvPTAiIGZyYW1lYm9yZGVyPSIwIiBhbGxvdz0iYWNjZWxlcm9tZXRlcjsgYXV0b3BsYXk7IGNsaXBib2FyZC13cml0ZTsgZW5jcnlwdGVkLW1lZGlhOyBneXJvc2NvcGU7IHBpY3R1cmUtaW4tcGljdHVyZTsgd2ViLXNoYXJlIiByZWZlcnJlcnBvbGljeT0ic3RyaWN0LW9yaWdpbi13aGVuLWNyb3NzLW9yaWdpbiIgYWxsb3dmdWxsc2NyZWVuPjwvaWZyYW1lPjwvZGl2Pg==\">\n<div class=\"brlbs-cmpnt-cb-preset-c brlbs-cmpnt-cb-youtube\">\n<div class=\"brlbs-cmpnt-cb-thumbnail\" style=\"background-image: url('https:\/\/www.museum-re.de\/wp-content\/uploads\/borlabs-cookie\/1\/yt_dbMzyaU-fBk_hqdefault.jpg')\"><\/div>\n<div class=\"brlbs-cmpnt-cb-main\">\n<div class=\"brlbs-cmpnt-cb-play-button\"><\/div>\n<div class=\"brlbs-cmpnt-cb-content\">\n<p class=\"brlbs-cmpnt-cb-description\">You are currently viewing a placeholder content from <strong>YouTube<\/strong>. To access the actual content, click the button below. Please note that doing so will share data with third-party providers.<\/p>\n<p> <a class=\"brlbs-cmpnt-cb-provider-toggle\" href=\"#\" data-borlabs-cookie-show-provider-information role=\"button\">More Information<\/a> <\/div>\n<div class=\"brlbs-cmpnt-cb-buttons\"> <a class=\"brlbs-cmpnt-cb-btn\" href=\"#\" data-borlabs-cookie-unblock role=\"button\">Unblock content<\/a> <a class=\"brlbs-cmpnt-cb-btn\" href=\"#\" data-borlabs-cookie-accept-service role=\"button\" style=\"display: inherit\">Accept required service and unblock content<\/a> <\/div>\n<\/p><\/div>\n<\/p><\/div>\n<\/div>\n\t\t\t<\/div>\n\t\t<\/div>\n\t<\/div>\n<\/div>\n\n\n<div class=\"ce ce-onecol      \">\n\t<div class=\"container\">\n\t\t<div class=\"row\">\n\t\t\t<div class=\"col\">\n\t\t\t\t<p>Schon beim Aufbau auf dem Rathausplatz blieben die ersten interessierten Passant:innen stehen. Die zun\u00e4chst z\u00f6gerlichen Farbkleckse der Sch\u00fcler:innen verwandelten sich schnell in mutige Experimente. Unterschiedlichste Gegenst\u00e4nde fanden neue Verwendung als Malwerkzeug: Schneebesen, Flummis, Tennisb\u00e4lle, Farnbl\u00e4tter und Seile wurden in Farbe getunkt oder die Acrylfarbe direkt aus der Tube gespritzt. Nach einer halben Stunde war der Rathausplatz voll, und immer mehr Menschen blieben stehen. Die Sch\u00fcler:innen der Jahrgangsstufe 9 luden Kinder und Erwachsene zum Mitmachen ein. So wurden schnell H\u00e4nde \u2013 und alles was sich sonst noch spontan anbot \u2013 in Farbe getunkt und begeistert auf die Stoffe geklatscht.<\/p>\n<figure><img loading=\"lazy\" decoding=\"async\" class=\"alignnone size-full wp-image-257\" src=\"https:\/\/www.museum-re.de\/wp-content\/uploads\/2022\/10\/Steve-Cozort-4-1.jpg\" alt=\"\" width=\"1080\" height=\"720\" srcset=\"https:\/\/www.museum-re.de\/wp-content\/uploads\/2022\/10\/Steve-Cozort-4-1.jpg 1080w, https:\/\/www.museum-re.de\/wp-content\/uploads\/2022\/10\/Steve-Cozort-4-1-800x533.jpg 800w, https:\/\/www.museum-re.de\/wp-content\/uploads\/2022\/10\/Steve-Cozort-4-1-1024x683.jpg 1024w, https:\/\/www.museum-re.de\/wp-content\/uploads\/2022\/10\/Steve-Cozort-4-1-768x512.jpg 768w, https:\/\/www.museum-re.de\/wp-content\/uploads\/2022\/10\/Steve-Cozort-4-1-300x200.jpg 300w\" sizes=\"auto, (max-width: 1080px) 100vw, 1080px\" \/><\/figure>\n\t\t\t<\/div>\n\t\t<\/div>\n\t<\/div>\n<\/div>\n\n\n<\/div><\/div><\/div><\/div><\/div><\/div><\/div><\/div>","protected":false},"excerpt":{"rendered":"","protected":false},"featured_media":8457,"template":"","nb_post_le_category":[],"class_list":["post-5138","nb_post_le","type-nb_post_le","status-publish","has-post-thumbnail","hentry"],"acf":[],"_links":{"self":[{"href":"https:\/\/www.museum-re.de\/en\/wp-json\/wp\/v2\/nb_post_le\/5138","targetHints":{"allow":["GET"]}}],"collection":[{"href":"https:\/\/www.museum-re.de\/en\/wp-json\/wp\/v2\/nb_post_le"}],"about":[{"href":"https:\/\/www.museum-re.de\/en\/wp-json\/wp\/v2\/types\/nb_post_le"}],"wp:featuredmedia":[{"embeddable":true,"href":"https:\/\/www.museum-re.de\/en\/wp-json\/wp\/v2\/media\/8457"}],"wp:attachment":[{"href":"https:\/\/www.museum-re.de\/en\/wp-json\/wp\/v2\/media?parent=5138"}],"wp:term":[{"taxonomy":"nb_post_le_category","embeddable":true,"href":"https:\/\/www.museum-re.de\/en\/wp-json\/wp\/v2\/nb_post_le_category?post=5138"}],"curies":[{"name":"wp","href":"https:\/\/api.w.org\/{rel}","templated":true}]}}